{"id":1088,"date":"2025-12-15T16:51:02","date_gmt":"2025-12-15T16:51:02","guid":{"rendered":"https:\/\/fromchronicpaintowellness.com\/?p=1088"},"modified":"2025-12-15T16:51:58","modified_gmt":"2025-12-15T16:51:58","slug":"if-christmas-triggers-you-your-nervous-system-makes-sense","status":"publish","type":"post","link":"https:\/\/fromchronicpaintowellness.com\/pt\/if-christmas-triggers-you-your-nervous-system-makes-sense\/","title":{"rendered":"Se o Natal o irrita, o seu sistema nervoso faz sentido"},"content":{"rendered":"<p class=\"\">Para muitos de n\u00f3s, o Natal \u00e9 pintado como uma \u00e9poca de alegria, liga\u00e7\u00e3o e uni\u00e3o. No entanto, por detr\u00e1s das luzes, das tradi\u00e7\u00f5es e das expectativas, pode tornar-se numa das \u00e9pocas do ano mais dif\u00edceis do ponto de vista emocional e f\u00edsico.<\/p>\n\n\n\n<p class=\"\">Se se sentir mais ansioso, sobrecarregado, fatigado, irrit\u00e1vel ou at\u00e9 mesmo com um surto de sintomas durante esta esta\u00e7\u00e3o, n\u00e3o h\u00e1 nada de errado consigo. O seu sistema nervoso pode simplesmente estar a responder \u00e0 press\u00e3o - n\u00e3o ao fracasso.<\/p>\n\n\n\n<p class=\"\"><strong>1. O Natal ativa em n\u00f3s o desejo de agradar \u00e0s pessoas<\/strong><\/p>\n\n\n\n<p class=\"\">O Natal vem muitas vezes acompanhado de um gui\u00e3o n\u00e3o dito:<\/p>\n\n\n\n<p class=\"\"><em>Estar dispon\u00edvel. Seja gentil. Seja grato. Seja complacente.<\/em><\/p>\n\n\n\n<p class=\"\">Para quem tem tend\u00eancias para agradar \u00e0s pessoas, esta altura do ano pode parecer uma maratona de auto-abandono. Dizer sim quando o nosso corpo quer dizer n\u00e3o. Dar demasiado emocionalmente, socialmente ou na pr\u00e1tica. Dar prioridade \u00e0 harmonia em vez da honestidade.<\/p>\n\n\n\n<p class=\"\">Muitos de n\u00f3s aprendemos cedo na vida que o amor e a seguran\u00e7a adv\u00eam do facto de sermos \u201cf\u00e1ceis\u201d, \u201c\u00fateis\u201d ou \u201cn\u00e3o sermos um fardo\u201d. O Natal pode reativar inconscientemente estes padr\u00f5es, levando-nos a ignorar as nossas pr\u00f3prias necessidades para manter a paz ou corresponder \u00e0s expectativas.<\/p>\n\n\n\n<p class=\"\">O sistema nervoso n\u00e3o sente isso como bondade - sente-o como press\u00e3o.<\/p>\n\n\n\n<p class=\"\"><strong>2. Demasiada socializa\u00e7\u00e3o, pouca regulamenta\u00e7\u00e3o<\/strong><\/p>\n\n\n\n<p class=\"\">Festas, reuni\u00f5es, eventos de trabalho, visitas \u00e0 fam\u00edlia - at\u00e9 mesmo experi\u00eancias alegres podem sobrecarregar um sistema nervoso que j\u00e1 est\u00e1 sobrecarregado.<\/p>\n\n\n\n<p class=\"\">O envolvimento social constante significa muitas vezes:<\/p>\n\n\n\n<ul class=\"wp-block-list\">\n<li class=\"\">menos descanso<\/li>\n\n\n\n<li class=\"\">rotinas interrompidas<\/li>\n\n\n\n<li class=\"\">maior contacto sensorial<\/li>\n\n\n\n<li class=\"\">menos momentos de verdadeira desregula\u00e7\u00e3o<\/li>\n<\/ul>\n\n\n\n<p class=\"\">Para os sistemas nervosos sens\u00edveis, ou para os que est\u00e3o a recuperar de stress cr\u00f3nico, dor ou trauma, isto pode levar a uma paralisa\u00e7\u00e3o emocional, irritabilidade, fadiga ou sintomas f\u00edsicos.<\/p>\n\n\n\n<p class=\"\">A sobre-estimula\u00e7\u00e3o nem sempre \u00e9 barulhenta ou dram\u00e1tica - por vezes \u00e9 simplesmente demasiado, com demasiada frequ\u00eancia, sem espa\u00e7o suficiente entre elas.<\/p>\n\n\n\n<p class=\"\"><strong>3. O tempo em fam\u00edlia pode reabrir velhas feridas emocionais<\/strong><\/p>\n\n\n\n<p class=\"\">Passar tempo com a fam\u00edlia pode ser profundamente significativo - e profundamente desencadeador.<\/p>\n\n\n\n<p class=\"\">As rela\u00e7\u00f5es familiares est\u00e3o muitas vezes na origem dos nossos primeiros condicionamentos:<\/p>\n\n\n\n<ul class=\"wp-block-list\">\n<li class=\"\">necessidades emocionais n\u00e3o satisfeitas<\/li>\n\n\n\n<li class=\"\">pap\u00e9is e expectativas aprendidos<\/li>\n\n\n\n<li class=\"\">padr\u00f5es de ser visto, ignorado, criticado ou demasiado respons\u00e1vel<\/li>\n<\/ul>\n\n\n\n<p class=\"\">No Natal, podemos inconscientemente regressar a velhas vers\u00f5es de n\u00f3s pr\u00f3prios: o pacificador, o cuidador, o invis\u00edvel, o \u201cforte\u201d.<\/p>\n\n\n\n<p class=\"\">Mesmo que nada seja dito, o corpo lembra-se.<\/p>\n\n\n\n<p class=\"\">\u00c9 por isso que as reac\u00e7\u00f5es emocionais podem parecer desproporcionadas ou confusas - o sistema nervoso est\u00e1 a responder n\u00e3o s\u00f3 ao momento presente, mas tamb\u00e9m a velhas mem\u00f3rias relacionais armazenadas no corpo.<\/p>\n\n\n\n<p class=\"\"><strong>Uma reflex\u00e3o pessoal<\/strong><\/p>\n\n\n\n<p class=\"\">Durante muitos anos, tive a minha pr\u00f3pria forma de lidar com o Natal.<\/p>\n\n\n\n<p class=\"\">Para me proteger do descontrolo emocional, da tristeza e do medo profundo de n\u00e3o ser amada, convenci-me de que o Natal n\u00e3o era importante para mim. Disse a mim pr\u00f3pria que n\u00e3o gostava dele. Agi como se n\u00e3o precisasse de uma \u00e9poca que se centra na fam\u00edlia, na reflex\u00e3o e na liga\u00e7\u00e3o.<\/p>\n\n\n\n<p class=\"\">\u00c0 primeira vista, parecia independ\u00eancia. For\u00e7a. Desprendimento. Mas por baixo, era prote\u00e7\u00e3o.<\/p>\n\n\n\n<p class=\"\">A verdade \u00e9 que n\u00e3o me sentia amada da forma que o Natal parecia prometer e, por isso, ao evitar entrar na \u00e9poca, estava a evitar o risco de sofrer por n\u00e3o me sentir amada e validada. E em vez de sentir essa dor, o meu sistema nervoso escolheu uma estrat\u00e9gia mais segura: <em>n\u00e3o quero saber<\/em>. Se eu n\u00e3o precisava de amor, n\u00e3o podia ficar desiludido com a sua aus\u00eancia.<\/p>\n\n\n\n<p class=\"\">\u00c9 assim que o sistema nervoso se adapta. N\u00e3o para nos sabotar - mas para nos manter seguros.<\/p>\n\n\n\n<p class=\"\">Levei muitos anos a ver isto com compaix\u00e3o e n\u00e3o com julgamento. Para compreender que o que parecia ser indiferen\u00e7a era, na verdade, uma resposta terna e protetora a necessidades n\u00e3o satisfeitas.<\/p>\n\n\n\n<p class=\"\"><strong>4. A press\u00e3o para se sentir feliz<\/strong><\/p>\n\n\n\n<p class=\"\">Talvez um dos est\u00edmulos mais subtis do Natal seja a expetativa de que <em>deve<\/em> sentir-se feliz.<\/p>\n\n\n\n<p class=\"\">Quando a alegria \u00e9 esperada, a tristeza parece errada.<br>Quando a gratid\u00e3o \u00e9 exigida, o ressentimento pode crescer.<br>Quando a uni\u00e3o \u00e9 idealizada, a solid\u00e3o pode parecer mais pesada.<\/p>\n\n\n\n<p class=\"\">Esta press\u00e3o interna para se sentir de uma determinada forma cria um conflito emocional - e o corpo carrega frequentemente o peso daquilo que a mente n\u00e3o se sente autorizada a exprimir.<\/p>\n\n\n\n<p class=\"\"><strong>5. Porque \u00e9 que os sintomas surgem frequentemente nesta altura do ano<\/strong><\/p>\n\n\n\n<p class=\"\">Do ponto de vista do corpo e da mente e do sistema nervoso, o Natal re\u00fane muitos factores de stress ao mesmo tempo:<\/p>\n\n\n\n<ul class=\"wp-block-list\">\n<li class=\"\">supress\u00e3o emocional<\/li>\n\n\n\n<li class=\"\">gatilhos relacionais<\/li>\n\n\n\n<li class=\"\">sobre-estimula\u00e7\u00e3o<\/li>\n\n\n\n<li class=\"\">perturba\u00e7\u00e3o do descanso e das rotinas<\/li>\n\n\n\n<li class=\"\">abandono de si pr\u00f3prio atrav\u00e9s da d\u00e1diva<\/li>\n<\/ul>\n\n\n\n<p class=\"\">Para muitas pessoas, isto aparece como:<\/p>\n\n\n\n<ul class=\"wp-block-list\">\n<li class=\"\">aumento da dor ou fadiga<\/li>\n\n\n\n<li class=\"\">ansiedade ou mau humor<\/li>\n\n\n\n<li class=\"\">problemas digestivos<\/li>\n\n\n\n<li class=\"\">dores de cabe\u00e7a ou de tens\u00e3o<\/li>\n\n\n\n<li class=\"\">entorpecimento ou sobrecarga emocional<\/li>\n<\/ul>\n\n\n\n<p class=\"\">Estes n\u00e3o s\u00e3o sinais de fraqueza. S\u00e3o sinais de um sistema que pede seguran\u00e7a, espa\u00e7o e delicadeza.<\/p>\n\n\n\n<p class=\"\"><strong>Um convite diferente este Natal<\/strong><\/p>\n\n\n\n<p class=\"\">Curar-se durante esta \u00e9poca n\u00e3o significa deixar de viver o Natal. Significa dar-se permiss\u00e3o para se relacionar com ele de forma diferente.<\/p>\n\n\n\n<p class=\"\">Fazer uma pausa antes de dizer sim.<br>Reparar no que o seu corpo precisa - e n\u00e3o apenas no que os outros esperam.<br>Criar momentos de descanso e de regula\u00e7\u00e3o.<br>Honrar o facto de os sentimentos contradit\u00f3rios poderem coexistir com o amor.<\/p>\n\n\n\n<p class=\"\">N\u00e3o precisa de atuar durante esta \u00e9poca.<br>N\u00e3o precisa de ser mais grato, social ou resiliente.<\/p>\n\n\n\n<p class=\"\">Por vezes, a escolha mais curativa \u00e9 suavizar as suas expectativas - de si pr\u00f3prio e do Natal.<\/p>\n\n\n\n<p class=\"\">E lembrem-se:<br>Se esta altura do ano \u00e9 dif\u00edcil, n\u00e3o est\u00e1 mal.<br>O seu sistema nervoso est\u00e1 simplesmente a responder a muita coisa.<br><br>Se quiser um espa\u00e7o que apoie o seu sistema nervoso, junte-se \u00e0 minha aula de incorpora\u00e7\u00e3o som\u00e1tica no dia 23 de dezembro, \u00e0s 19h00 <br><br><a href=\"https:\/\/tidycal.com\/fromchronicpaintowellness\/somaticembodimentclass\">https:\/\/tidycal.com\/fromchronicpaintowellness\/somaticembodimentclass<\/a><br><br><\/p>","protected":false},"excerpt":{"rendered":"<p>For many of us, Christmas is painted as a season of joy, connection, and togetherness. Yet beneath the lights, traditions, and expectations, it can quietly become one of the most emotionally and physically challenging times of the year. If you find yourself feeling more anxious, overwhelmed, fatigued, irritable, or even experiencing a flare-up of symptoms [&hellip;]<\/p>\n","protected":false},"author":3,"featured_media":1089,"comment_status":"open","ping_status":"open","sticky":false,"template":"","format":"standard","meta":{"nf_dc_page":"","_et_pb_use_builder":"off","_et_pb_old_content":"","_et_gb_content_width":"","advanced_seo_description":"","jetpack_seo_html_title":"","jetpack_seo_noindex":false,"_jetpack_memberships_contains_paid_content":false,"footnotes":""},"categories":[32,38],"tags":[51,45,95,50,53,75,82,68,47,52],"class_list":["post-1088","post","type-post","status-publish","format-standard","has-post-thumbnail","hentry","category-chronic-pain","category-healing","tag-anxiety","tag-awareness","tag-christmas","tag-chronicpain","tag-fibromyalgia","tag-mindbodypain","tag-perfectionism","tag-rest","tag-somatic","tag-stress"],"jetpack_featured_media_url":"https:\/\/i0.wp.com\/fromchronicpaintowellness.com\/wp-content\/uploads\/2025\/12\/1000134913-scaled.jpg?fit=1920%2C918&ssl=1","jetpack_sharing_enabled":true,"_links":{"self":[{"href":"https:\/\/fromchronicpaintowellness.com\/pt\/wp-json\/wp\/v2\/posts\/1088","targetHints":{"allow":["GET"]}}],"collection":[{"href":"https:\/\/fromchronicpaintowellness.com\/pt\/wp-json\/wp\/v2\/posts"}],"about":[{"href":"https:\/\/fromchronicpaintowellness.com\/pt\/wp-json\/wp\/v2\/types\/post"}],"author":[{"embeddable":true,"href":"https:\/\/fromchronicpaintowellness.com\/pt\/wp-json\/wp\/v2\/users\/3"}],"replies":[{"embeddable":true,"href":"https:\/\/fromchronicpaintowellness.com\/pt\/wp-json\/wp\/v2\/comments?post=1088"}],"version-history":[{"count":1,"href":"https:\/\/fromchronicpaintowellness.com\/pt\/wp-json\/wp\/v2\/posts\/1088\/revisions"}],"predecessor-version":[{"id":1090,"href":"https:\/\/fromchronicpaintowellness.com\/pt\/wp-json\/wp\/v2\/posts\/1088\/revisions\/1090"}],"wp:featuredmedia":[{"embeddable":true,"href":"https:\/\/fromchronicpaintowellness.com\/pt\/wp-json\/wp\/v2\/media\/1089"}],"wp:attachment":[{"href":"https:\/\/fromchronicpaintowellness.com\/pt\/wp-json\/wp\/v2\/media?parent=1088"}],"wp:term":[{"taxonomy":"category","embeddable":true,"href":"https:\/\/fromchronicpaintowellness.com\/pt\/wp-json\/wp\/v2\/categories?post=1088"},{"taxonomy":"post_tag","embeddable":true,"href":"https:\/\/fromchronicpaintowellness.com\/pt\/wp-json\/wp\/v2\/tags?post=1088"}],"curies":[{"name":"wp","href":"https:\/\/api.w.org\/{rel}","templated":true}]}}